{"id":502,"date":"2015-03-17T18:45:48","date_gmt":"2015-03-17T17:45:48","guid":{"rendered":"http:\/\/www.hotelmarilena.it\/test2015\/?p=502"},"modified":"2025-11-02T16:30:22","modified_gmt":"2025-11-02T15:30:22","slug":"hotel-marilena-3","status":"publish","type":"post","link":"https:\/\/www.hotelmarilena.it\/fr\/hotel-marilena.html","title":{"rendered":"Hotel Marilena"},"content":{"rendered":"<p><\/p>\n<h2>L\u2019H\u00f4tel Marilena est situ\u00e9 au centre de Riccione<\/h2>\n<h3>face au petit port touristique, pr\u00e8s de la mer et \u00e0 environ 300 m\u00e8tres de la Viale Ceccarini<\/h3>\n<p>Vous faites partie de ceux qui aiment se faire un peu choyer pendant les vacances et qui appr\u00e9cient l\u2019accueil chaleureux et l\u2019atmosph\u00e8re conviviale d\u2019une <strong>gestion familiale<\/strong> ?<br \/>\nAlors soyez les bienvenus \u00e0 l\u2019H\u00f4tel Marilena !<br \/>\nNotre particularit\u00e9 est notre gestion familiale, transmise et renouvel\u00e9e d\u2019ann\u00e9e en ann\u00e9e depuis 1954.<br \/>\nNotre h\u00f4tel, tr\u00e8s <strong>adapt\u00e9 aux familles<\/strong>, est un \u00e9tablissement 2 \u00e9toiles avec des services particuliers qui le hissent sans aucun doute au niveau d\u2019un 3 \u00e9toiles.<br \/>\nNous vous offrons, inclus dans notre tarif : Climatisation, S\u00e8che-cheveux, T\u00e9l\u00e9phone, T\u00e9l\u00e9vision LED, <strong>Sky TV dans toutes les chambres et les espaces communs<\/strong>, Produits de courtoisie pour la salle de bain, Connexion Wi-Fi gratuite dans tout l\u2019h\u00f4tel, Ascenseur, Coffre-fort, V\u00e9los, 3 menus au choix avec buffet de l\u00e9gumes, fruits, plateau de fromages et possibilit\u00e9 de choisir chaque jour glace, dessert ou sorbet au d\u00e9jeuner comme au d\u00eener, ainsi qu\u2019un riche buffet sucr\u00e9 et sal\u00e9 au petit-d\u00e9jeuner.<\/p>\n<p>Le dimanche (de 10h00 \u00e0 12h00), nous vous offrons la possibilit\u00e9 d\u2019une <strong>sortie en voilier<\/strong>. Une fois par semaine, nous avons le plaisir d\u2019offrir un ap\u00e9ritif \u00e0 tous nos h\u00f4tes, ainsi que, de temps en temps, des go\u00fbters surprise pour petits et grands.<br \/>\nNotre h\u00f4tel dispose d\u2019un <strong>parking<\/strong> (payant), cl\u00f4tur\u00e9, ferm\u00e9, assur\u00e9 contre le vol et l\u2019incendie, avec des places couvertes et d\u00e9couvertes, situ\u00e9 \u00e0 environ 300 m\u00e8tres de l\u2019h\u00f4tel.<br \/>\n<strong>Pour le service de plage, nous mettons gratuitement \u00e0 votre disposition notre sac de plage et des serviettes.<\/strong><\/p>","protected":false},"excerpt":{"rendered":"<p>L\u2019H\u00f4tel Marilena est situ\u00e9 au centre de Riccione face au petit port touristique, pr\u00e8s de la mer et \u00e0 environ 300 m\u00e8tres de la Viale Ceccarini Vous faites partie de ceux qui aiment se faire un peu choyer pendant les vacances et qui appr\u00e9cient l\u2019accueil chaleureux et l\u2019atmosph\u00e8re conviviale d\u2019une[&#8230;]<\/p>\n","protected":false},"author":1,"featured_media":1959,"comment_status":"open","ping_status":"open","sticky":false,"template":"","format":"standard","meta":{"ngg_post_thumbnail":0,"footnotes":""},"categories":[30],"tags":[],"class_list":["post-502","post","type-post","status-publish","format-standard","has-post-thumbnail","hentry","category-home-page"],"yoast_head":"<!-- This site is optimized with the Yoast SEO plugin v27.4 - https:\/\/yoast.com\/product\/yoast-seo-wordpress\/ -->\n<title>Hotel Marilena - Hotel Marilena<\/title>\n<meta name=\"robots\" content=\"index, follow, max-snippet:-1, max-image-preview:large, max-video-preview:-1\" \/>\n<link rel=\"canonical\" href=\"https:\/\/www.hotelmarilena.it\/fr\/?p=502\" \/>\n<meta property=\"og:locale\" content=\"fr_FR\" \/>\n<meta property=\"og:type\" content=\"article\" \/>\n<meta property=\"og:title\" content=\"Hotel Marilena - Hotel Marilena\" \/>\n<meta property=\"og:description\" content=\"L\u2019H\u00f4tel Marilena est situ\u00e9 au centre de Riccione face au petit port touristique, pr\u00e8s de la mer et \u00e0 environ 300 m\u00e8tres de la Viale Ceccarini Vous faites partie de ceux qui aiment se faire un peu choyer pendant les vacances et qui appr\u00e9cient l\u2019accueil chaleureux et l\u2019atmosph\u00e8re conviviale d\u2019une[...]\" \/>\n<meta property=\"og:url\" content=\"https:\/\/www.hotelmarilena.it\/fr\/?p=502\" \/>\n<meta property=\"og:site_name\" content=\"Hotel Marilena\" \/>\n<meta property=\"article:publisher\" content=\"https:\/\/www.facebook.com\/HotelMarilenaRiccione\" \/>\n<meta property=\"article:published_time\" content=\"2015-03-17T17:45:48+00:00\" \/>\n<meta property=\"article:modified_time\" content=\"2025-11-02T15:30:22+00:00\" \/>\n<meta property=\"og:image\" content=\"https:\/\/www.hotelmarilena.it\/wp-content\/uploads\/2015\/03\/home-page_84.jpg\" \/>\n\t<meta property=\"og:image:width\" content=\"1000\" \/>\n\t<meta property=\"og:image:height\" content=\"667\" \/>\n\t<meta property=\"og:image:type\" content=\"image\/jpeg\" \/>\n<meta name=\"author\" content=\"l.villa\" \/>\n<meta name=\"twitter:label1\" content=\"\u00c9crit par\" \/>\n\t<meta name=\"twitter:data1\" content=\"l.villa\" \/>\n\t<meta name=\"twitter:label2\" content=\"Dur\u00e9e de lecture estim\u00e9e\" \/>\n\t<meta name=\"twitter:data2\" content=\"5 minutes\" \/>\n<script type=\"application\/ld+json\" class=\"yoast-schema-graph\">{\"@context\":\"https:\\\/\\\/schema.org\",\"@graph\":[{\"@type\":\"Article\",\"@id\":\"https:\\\/\\\/www.hotelmarilena.it\\\/?p=502#article\",\"isPartOf\":{\"@id\":\"https:\\\/\\\/www.hotelmarilena.it\\\/?p=502\"},\"author\":{\"name\":\"l.villa\",\"@id\":\"https:\\\/\\\/www.hotelmarilena.it\\\/#\\\/schema\\\/person\\\/a35227ee00d069c78b67c8db8c73c7e7\"},\"headline\":\"Hotel Marilena\",\"datePublished\":\"2015-03-17T17:45:48+00:00\",\"dateModified\":\"2025-11-02T15:30:22+00:00\",\"mainEntityOfPage\":{\"@id\":\"https:\\\/\\\/www.hotelmarilena.it\\\/?p=502\"},\"wordCount\":1045,\"commentCount\":0,\"publisher\":{\"@id\":\"https:\\\/\\\/www.hotelmarilena.it\\\/#organization\"},\"image\":{\"@id\":\"https:\\\/\\\/www.hotelmarilena.it\\\/?p=502#primaryimage\"},\"thumbnailUrl\":\"https:\\\/\\\/www.hotelmarilena.it\\\/wp-content\\\/uploads\\\/2015\\\/03\\\/home-page_84.jpg\",\"articleSection\":[\"Home Page\"],\"inLanguage\":\"fr-FR\",\"potentialAction\":[{\"@type\":\"CommentAction\",\"name\":\"Comment\",\"target\":[\"https:\\\/\\\/www.hotelmarilena.it\\\/?p=502#respond\"]}]},{\"@type\":\"WebPage\",\"@id\":\"https:\\\/\\\/www.hotelmarilena.it\\\/fr\\\/?p=502\",\"url\":\"https:\\\/\\\/www.hotelmarilena.it\\\/fr\\\/?p=502\",\"name\":\"Hotel Marilena - Hotel Marilena\",\"isPartOf\":{\"@id\":\"https:\\\/\\\/www.hotelmarilena.it\\\/fr\\\/#website\"},\"primaryImageOfPage\":{\"@id\":\"https:\\\/\\\/www.hotelmarilena.it\\\/fr\\\/?p=502#primaryimage\"},\"image\":{\"@id\":\"https:\\\/\\\/www.hotelmarilena.it\\\/?p=502#primaryimage\"},\"thumbnailUrl\":\"https:\\\/\\\/www.hotelmarilena.it\\\/wp-content\\\/uploads\\\/2015\\\/03\\\/home-page_84.jpg\",\"datePublished\":\"2015-03-17T17:45:48+00:00\",\"dateModified\":\"2025-11-02T15:30:22+00:00\",\"breadcrumb\":{\"@id\":\"https:\\\/\\\/www.hotelmarilena.it\\\/fr\\\/?p=502#breadcrumb\"},\"inLanguage\":\"fr-FR\",\"potentialAction\":[{\"@type\":\"ReadAction\",\"target\":[[\"https:\\\/\\\/www.hotelmarilena.it\\\/fr\\\/?p=502\"]]}]},{\"@type\":\"ImageObject\",\"inLanguage\":\"fr-FR\",\"@id\":\"https:\\\/\\\/www.hotelmarilena.it\\\/fr\\\/?p=502#primaryimage\",\"url\":\"https:\\\/\\\/www.hotelmarilena.it\\\/wp-content\\\/uploads\\\/2015\\\/03\\\/home-page_84.jpg\",\"contentUrl\":\"https:\\\/\\\/www.hotelmarilena.it\\\/wp-content\\\/uploads\\\/2015\\\/03\\\/home-page_84.jpg\",\"width\":1000,\"height\":667},{\"@type\":\"BreadcrumbList\",\"@id\":\"https:\\\/\\\/www.hotelmarilena.it\\\/fr\\\/?p=502#breadcrumb\",\"itemListElement\":[{\"@type\":\"ListItem\",\"position\":1,\"name\":\"Home\",\"item\":\"https:\\\/\\\/www.hotelmarilena.it\\\/fr\\\/\"},{\"@type\":\"ListItem\",\"position\":2,\"name\":\"Hotel Marilena\"}]},{\"@type\":\"WebSite\",\"@id\":\"https:\\\/\\\/www.hotelmarilena.it\\\/fr\\\/#website\",\"url\":\"https:\\\/\\\/www.hotelmarilena.it\\\/fr\\\/\",\"name\":\"Hotel Marilena\",\"description\":\"Il tuo Hotel a Riccione\",\"publisher\":{\"@id\":\"https:\\\/\\\/www.hotelmarilena.it\\\/fr\\\/#organization\"},\"potentialAction\":[{\"@type\":\"SearchAction\",\"target\":{\"@type\":\"EntryPoint\",\"urlTemplate\":\"https:\\\/\\\/www.hotelmarilena.it\\\/fr\\\/?s={search_term_string}\"},\"query-input\":{\"@type\":\"PropertyValueSpecification\",\"valueRequired\":true,\"valueName\":\"search_term_string\"}}],\"inLanguage\":\"fr-FR\"},{\"@type\":\"Organization\",\"@id\":\"https:\\\/\\\/www.hotelmarilena.it\\\/fr\\\/#organization\",\"name\":\"Hotel Marilena\",\"url\":\"https:\\\/\\\/www.hotelmarilena.it\\\/fr\\\/\",\"logo\":{\"@type\":\"ImageObject\",\"inLanguage\":\"fr-FR\",\"@id\":\"https:\\\/\\\/www.hotelmarilena.it\\\/fr\\\/#\\\/schema\\\/logo\\\/image\\\/\",\"url\":\"https:\\\/\\\/www.hotelmarilena.it\\\/wp-content\\\/uploads\\\/2019\\\/02\\\/logo-home-2019.png\",\"contentUrl\":\"https:\\\/\\\/www.hotelmarilena.it\\\/wp-content\\\/uploads\\\/2019\\\/02\\\/logo-home-2019.png\",\"width\":472,\"height\":234,\"caption\":\"Hotel Marilena\"},\"image\":{\"@id\":\"https:\\\/\\\/www.hotelmarilena.it\\\/fr\\\/#\\\/schema\\\/logo\\\/image\\\/\"},\"sameAs\":[\"https:\\\/\\\/www.facebook.com\\\/HotelMarilenaRiccione\",\"https:\\\/\\\/www.instagram.com\\\/hotelmarilenariccione\"]},{\"@type\":\"Person\",\"@id\":\"https:\\\/\\\/www.hotelmarilena.it\\\/#\\\/schema\\\/person\\\/a35227ee00d069c78b67c8db8c73c7e7\",\"name\":\"l.villa\",\"url\":\"https:\\\/\\\/www.hotelmarilena.it\\\/fr\\\/author\\\/l-villa\"}]}<\/script>\n<!-- \/ Yoast SEO plugin. -->","yoast_head_json":{"title":"Hotel Marilena - Hotel Marilena","robots":{"index":"index","follow":"follow","max-snippet":"max-snippet:-1","max-image-preview":"max-image-preview:large","max-video-preview":"max-video-preview:-1"},"canonical":"https:\/\/www.hotelmarilena.it\/fr\/?p=502","og_locale":"fr_FR","og_type":"article","og_title":"Hotel Marilena - Hotel Marilena","og_description":"L\u2019H\u00f4tel Marilena est situ\u00e9 au centre de Riccione face au petit port touristique, pr\u00e8s de la mer et \u00e0 environ 300 m\u00e8tres de la Viale Ceccarini Vous faites partie de ceux qui aiment se faire un peu choyer pendant les vacances et qui appr\u00e9cient l\u2019accueil chaleureux et l\u2019atmosph\u00e8re conviviale d\u2019une[...]","og_url":"https:\/\/www.hotelmarilena.it\/fr\/?p=502","og_site_name":"Hotel Marilena","article_publisher":"https:\/\/www.facebook.com\/HotelMarilenaRiccione","article_published_time":"2015-03-17T17:45:48+00:00","article_modified_time":"2025-11-02T15:30:22+00:00","og_image":[{"width":1000,"height":667,"url":"https:\/\/www.hotelmarilena.it\/wp-content\/uploads\/2015\/03\/home-page_84.jpg","type":"image\/jpeg"}],"author":"l.villa","twitter_misc":{"\u00c9crit par":"l.villa","Dur\u00e9e de lecture estim\u00e9e":"5 minutes"},"schema":{"@context":"https:\/\/schema.org","@graph":[{"@type":"Article","@id":"https:\/\/www.hotelmarilena.it\/?p=502#article","isPartOf":{"@id":"https:\/\/www.hotelmarilena.it\/?p=502"},"author":{"name":"l.villa","@id":"https:\/\/www.hotelmarilena.it\/#\/schema\/person\/a35227ee00d069c78b67c8db8c73c7e7"},"headline":"Hotel Marilena","datePublished":"2015-03-17T17:45:48+00:00","dateModified":"2025-11-02T15:30:22+00:00","mainEntityOfPage":{"@id":"https:\/\/www.hotelmarilena.it\/?p=502"},"wordCount":1045,"commentCount":0,"publisher":{"@id":"https:\/\/www.hotelmarilena.it\/#organization"},"image":{"@id":"https:\/\/www.hotelmarilena.it\/?p=502#primaryimage"},"thumbnailUrl":"https:\/\/www.hotelmarilena.it\/wp-content\/uploads\/2015\/03\/home-page_84.jpg","articleSection":["Home Page"],"inLanguage":"fr-FR","potentialAction":[{"@type":"CommentAction","name":"Comment","target":["https:\/\/www.hotelmarilena.it\/?p=502#respond"]}]},{"@type":"WebPage","@id":"https:\/\/www.hotelmarilena.it\/fr\/?p=502","url":"https:\/\/www.hotelmarilena.it\/fr\/?p=502","name":"Hotel Marilena - Hotel Marilena","isPartOf":{"@id":"https:\/\/www.hotelmarilena.it\/fr\/#website"},"primaryImageOfPage":{"@id":"https:\/\/www.hotelmarilena.it\/fr\/?p=502#primaryimage"},"image":{"@id":"https:\/\/www.hotelmarilena.it\/?p=502#primaryimage"},"thumbnailUrl":"https:\/\/www.hotelmarilena.it\/wp-content\/uploads\/2015\/03\/home-page_84.jpg","datePublished":"2015-03-17T17:45:48+00:00","dateModified":"2025-11-02T15:30:22+00:00","breadcrumb":{"@id":"https:\/\/www.hotelmarilena.it\/fr\/?p=502#breadcrumb"},"inLanguage":"fr-FR","potentialAction":[{"@type":"ReadAction","target":[["https:\/\/www.hotelmarilena.it\/fr\/?p=502"]]}]},{"@type":"ImageObject","inLanguage":"fr-FR","@id":"https:\/\/www.hotelmarilena.it\/fr\/?p=502#primaryimage","url":"https:\/\/www.hotelmarilena.it\/wp-content\/uploads\/2015\/03\/home-page_84.jpg","contentUrl":"https:\/\/www.hotelmarilena.it\/wp-content\/uploads\/2015\/03\/home-page_84.jpg","width":1000,"height":667},{"@type":"BreadcrumbList","@id":"https:\/\/www.hotelmarilena.it\/fr\/?p=502#breadcrumb","itemListElement":[{"@type":"ListItem","position":1,"name":"Home","item":"https:\/\/www.hotelmarilena.it\/fr\/"},{"@type":"ListItem","position":2,"name":"Hotel Marilena"}]},{"@type":"WebSite","@id":"https:\/\/www.hotelmarilena.it\/fr\/#website","url":"https:\/\/www.hotelmarilena.it\/fr\/","name":"Hotel Marilena","description":"Il tuo Hotel a Riccione","publisher":{"@id":"https:\/\/www.hotelmarilena.it\/fr\/#organization"},"potentialAction":[{"@type":"SearchAction","target":{"@type":"EntryPoint","urlTemplate":"https:\/\/www.hotelmarilena.it\/fr\/?s={search_term_string}"},"query-input":{"@type":"PropertyValueSpecification","valueRequired":true,"valueName":"search_term_string"}}],"inLanguage":"fr-FR"},{"@type":"Organization","@id":"https:\/\/www.hotelmarilena.it\/fr\/#organization","name":"Hotel Marilena","url":"https:\/\/www.hotelmarilena.it\/fr\/","logo":{"@type":"ImageObject","inLanguage":"fr-FR","@id":"https:\/\/www.hotelmarilena.it\/fr\/#\/schema\/logo\/image\/","url":"https:\/\/www.hotelmarilena.it\/wp-content\/uploads\/2019\/02\/logo-home-2019.png","contentUrl":"https:\/\/www.hotelmarilena.it\/wp-content\/uploads\/2019\/02\/logo-home-2019.png","width":472,"height":234,"caption":"Hotel Marilena"},"image":{"@id":"https:\/\/www.hotelmarilena.it\/fr\/#\/schema\/logo\/image\/"},"sameAs":["https:\/\/www.facebook.com\/HotelMarilenaRiccione","https:\/\/www.instagram.com\/hotelmarilenariccione"]},{"@type":"Person","@id":"https:\/\/www.hotelmarilena.it\/#\/schema\/person\/a35227ee00d069c78b67c8db8c73c7e7","name":"l.villa","url":"https:\/\/www.hotelmarilena.it\/fr\/author\/l-villa"}]}},"_links":{"self":[{"href":"https:\/\/www.hotelmarilena.it\/fr\/wp-json\/wp\/v2\/posts\/502","targetHints":{"allow":["GET"]}}],"collection":[{"href":"https:\/\/www.hotelmarilena.it\/fr\/wp-json\/wp\/v2\/posts"}],"about":[{"href":"https:\/\/www.hotelmarilena.it\/fr\/wp-json\/wp\/v2\/types\/post"}],"author":[{"embeddable":true,"href":"https:\/\/www.hotelmarilena.it\/fr\/wp-json\/wp\/v2\/users\/1"}],"replies":[{"embeddable":true,"href":"https:\/\/www.hotelmarilena.it\/fr\/wp-json\/wp\/v2\/comments?post=502"}],"version-history":[{"count":0,"href":"https:\/\/www.hotelmarilena.it\/fr\/wp-json\/wp\/v2\/posts\/502\/revisions"}],"wp:featuredmedia":[{"embeddable":true,"href":"https:\/\/www.hotelmarilena.it\/fr\/wp-json\/wp\/v2\/media\/1959"}],"wp:attachment":[{"href":"https:\/\/www.hotelmarilena.it\/fr\/wp-json\/wp\/v2\/media?parent=502"}],"wp:term":[{"taxonomy":"category","embeddable":true,"href":"https:\/\/www.hotelmarilena.it\/fr\/wp-json\/wp\/v2\/categories?post=502"},{"taxonomy":"post_tag","embeddable":true,"href":"https:\/\/www.hotelmarilena.it\/fr\/wp-json\/wp\/v2\/tags?post=502"}],"curies":[{"name":"wp","href":"https:\/\/api.w.org\/{rel}","templated":true}]}}